{"id":982,"date":"2023-11-15T18:36:31","date_gmt":"2023-11-15T21:36:31","guid":{"rendered":"https:\/\/gustavogoni.com\/arte\/?p=982"},"modified":"2023-11-15T18:36:31","modified_gmt":"2023-11-15T21:36:31","slug":"tambien-diario-la-capital-anticipa-la-muestra-de-marina-gryciuk-en-el-castagnino","status":"publish","type":"post","link":"https:\/\/gustavogoni.com\/arte\/tambien-diario-la-capital-anticipa-la-muestra-de-marina-gryciuk-en-el-castagnino\/","title":{"rendered":"Tambi\u00e9n Diario La Capital anticipa la #Muestra de Marina Gryciuk en el #Castagnino"},"content":{"rendered":"\n<p>\u00a1Los esperamos este viernes 17\/11 a las 19 hs para la #inauguraci\u00f3n de \u00abHabitar lo blando\u00bb!<\/p>\n\n\n\n<hr class=\"wp-block-separator has-alpha-channel-opacity\"\/>\n\n\n\n<p><\/p>\n\n\n\n<h1 class=\"wp-block-heading\">La artista Marina Gryciuk propone \u00abHabitar lo blando\u00bb en el Castagnino<\/h1>\n\n\n\n<p>La muestra, que propone un di\u00e1logo entre \u00abtradiciones textiles del pasado y el presente\u00bb, se inaugura el pr\u00f3ximo viernes 17 de noviembre.<\/p>\n\n\n\n<p>15 de noviembre 2023\u00b709:29hs<\/p>\n\n\n\n<figure class=\"wp-block-image\"><img decoding=\"async\" src=\"https:\/\/media.lacapital.com.ar\/p\/97444cf196341a8c84e971aa9050b24c\/adjuntos\/203\/imagenes\/101\/178\/0101178766\/642x0\/smart\/marina-gryciuk.jpg\" alt=\"La muestra \u201cHabitar lo blando. Sistema y rituales perif\u00e9ricos\u201d de la artista Marina Gryciuk inaugura este viernes en el Castagnino.\" title=\"La muestra \u201cHabitar lo blando. Sistema y rituales perif\u00e9ricos\u201d de la artista Marina Gryciuk inaugura este viernes en el Castagnino.\"\/><\/figure>\n\n\n\n<p>La muestra \u201cHabitar lo blando. Sistema y rituales perif\u00e9ricos\u201d de la artista Marina Gryciuk inaugura este viernes en el Castagnino.<\/p>\n\n\n\n<p><strong>La artista y docente rosarina Marina Gryciuk inaugura su muestra \u201cHabitar lo blando. Sistema y rituales perif\u00e9ricos\u201d en el Museo Municipal de Bellas Artes Juan B. Castagnino<\/strong>&nbsp;(Av. Pellegrini 2202),<strong>&nbsp;el pr\u00f3ximo viernes 17, a las 19.&nbsp;<\/strong>La misma cuenta con curadur\u00eda de Mar\u00eda Laura Carrascal, el aporte fotogr\u00e1fico de Gustavo Go\u00f1i (socio creativo de la artista), y la producci\u00f3n perform\u00e1tica de Roly Lo Giudice.<\/p>\n\n\n\n<p><strong>\u201cHabitar lo blando\u201d propone un universo de tramas, telas, texturas, y tejidos, que es el resultado de cinco a\u00f1os de experimentaci\u00f3n de la artista<\/strong>\u00a0en sistemas y rituales perif\u00e9ricos, acompa\u00f1ada por el fot\u00f3grafo Gustavo Go\u00f1i. La muestra\u00a0<strong>podr\u00e1 visitarse desde su apertura hasta el 31 de marzo de 2024.<\/strong><\/p>\n\n\n\n<p>La apuesta de la artista es\u00a0<strong>volver a mostrar el textil en otra materialidad y otra corporalidad, utilizando ropa desarmada y objetos reciclados que aluden a la industria textil y la sustentabilidad<\/strong>, a trav\u00e9s de elementos y acciones que Marina retoma para \u201cmantener vivo el encuentro entre el arte y la vida\u201d, tal como define el texto curatorial que presenta la exhibici\u00f3n.<\/p>\n\n\n\n<p><a href=\"https:\/\/www.instagram.com\/p\/CzogafIuRE5\/\">https:\/\/www.instagram.com\/p\/CzogafIuRE5\/<\/a><\/p>\n\n\n\n<p><br><\/p>\n\n\n\n<p>En palabras la curadora Carrascal,<strong>&nbsp;Gryciuk es una artista que \u201cdialoga con las tradiciones textiles del pasado y el presente, oscilando entre el \u00e1mbito de la pl\u00e1stica y el de las expresiones populares&nbsp;<\/strong>para seguir pensando su historia desde la trama que condensa saberes y encuentros\u201d. Su obra, seg\u00fan explica, \u201cse sostiene en la pasi\u00f3n por las telas, la costura y el v\u00ednculo con el cuerpo en una relaci\u00f3n con tradiciones hist\u00f3ricas que actualiza desde el quehacer contempor\u00e1neo a partir de m\u00faltiples estrategias\u201d.<\/p>\n\n\n\n<p>A partir de su inauguraci\u00f3n, la&nbsp;<strong>muestra podr\u00e1 visitarse de forma gratuita de mi\u00e9rcoles a s\u00e1bados (y feriados), de 14 a 20,<\/strong>&nbsp;y los domingos desde las 11. A las 18, hay recorridos acompa\u00f1ados sin inscripci\u00f3n previa.<\/p>\n\n\n\n<p><a href=\"https:\/\/www.lacapital.com.ar\/la-ciudad\/la-artista-marina-gryciuk-propone-habitar-lo-blando-el-castagnino-n10101503.html\">https:\/\/www.lacapital.com.ar\/la-ciudad\/la-artista-marina-gryciuk-propone-habitar-lo-blando-el-castagnino-n10101503.html<\/a><\/p>\n","protected":false},"excerpt":{"rendered":"<p>\u00a1Los esperamos este viernes 17\/11 a las 19 hs para la #inauguraci\u00f3n de \u00abHabitar lo blando\u00bb! La artista Marina Gryciuk propone \u00abHabitar lo blando\u00bb en el Castagnino La muestra, que propone un di\u00e1logo entre \u00abtradiciones textiles del pasado y el presente\u00bb, se inaugura el pr\u00f3ximo viernes 17 de noviembre. 15 de noviembre 2023\u00b709:29hs La muestra&hellip;&nbsp;<a href=\"https:\/\/gustavogoni.com\/arte\/tambien-diario-la-capital-anticipa-la-muestra-de-marina-gryciuk-en-el-castagnino\/\" rel=\"bookmark\">Leer m\u00e1s &raquo;<span class=\"screen-reader-text\">Tambi\u00e9n Diario La Capital anticipa la #Muestra de Marina Gryciuk en el #Castagnino<\/span><\/a><\/p>\n","protected":false},"author":2,"featured_media":977,"comment_status":"open","ping_status":"open","sticky":false,"template":"","format":"standard","meta":{"neve_meta_sidebar":"","neve_meta_container":"","neve_meta_enable_content_width":"","neve_meta_content_width":0,"neve_meta_title_alignment":"","neve_meta_author_avatar":"","neve_post_elements_order":"","neve_meta_disable_header":"","neve_meta_disable_footer":"","neve_meta_disable_title":"","advanced_seo_description":"","jetpack_seo_html_title":"","jetpack_seo_noindex":false,"_themeisle_gutenberg_block_has_review":false,"_jetpack_memberships_contains_paid_content":false,"footnotes":"","jetpack_publicize_message":"","jetpack_publicize_feature_enabled":true,"jetpack_social_post_already_shared":false,"jetpack_social_options":{"image_generator_settings":{"template":"highway","default_image_id":0,"font":"","enabled":false},"version":2}},"categories":[20],"tags":[66,52,64,77],"class_list":["post-982","post","type-post","status-publish","format-standard","has-post-thumbnail","hentry","category-novedades","tag-habitar-lo-blando","tag-la-capital","tag-marina-gryciuk","tag-museo-castagnino"],"jetpack_publicize_connections":[],"jetpack_featured_media_url":"https:\/\/gustavogoni.com\/arte\/wp-content\/uploads\/2023\/11\/marina_gryciuk_habitar_lo_blando.jpg","jetpack_sharing_enabled":true,"jetpack_likes_enabled":true,"_links":{"self":[{"href":"https:\/\/gustavogoni.com\/arte\/wp-json\/wp\/v2\/posts\/982","targetHints":{"allow":["GET"]}}],"collection":[{"href":"https:\/\/gustavogoni.com\/arte\/wp-json\/wp\/v2\/posts"}],"about":[{"href":"https:\/\/gustavogoni.com\/arte\/wp-json\/wp\/v2\/types\/post"}],"author":[{"embeddable":true,"href":"https:\/\/gustavogoni.com\/arte\/wp-json\/wp\/v2\/users\/2"}],"replies":[{"embeddable":true,"href":"https:\/\/gustavogoni.com\/arte\/wp-json\/wp\/v2\/comments?post=982"}],"version-history":[{"count":1,"href":"https:\/\/gustavogoni.com\/arte\/wp-json\/wp\/v2\/posts\/982\/revisions"}],"predecessor-version":[{"id":984,"href":"https:\/\/gustavogoni.com\/arte\/wp-json\/wp\/v2\/posts\/982\/revisions\/984"}],"wp:featuredmedia":[{"embeddable":true,"href":"https:\/\/gustavogoni.com\/arte\/wp-json\/wp\/v2\/media\/977"}],"wp:attachment":[{"href":"https:\/\/gustavogoni.com\/arte\/wp-json\/wp\/v2\/media?parent=982"}],"wp:term":[{"taxonomy":"category","embeddable":true,"href":"https:\/\/gustavogoni.com\/arte\/wp-json\/wp\/v2\/categories?post=982"},{"taxonomy":"post_tag","embeddable":true,"href":"https:\/\/gustavogoni.com\/arte\/wp-json\/wp\/v2\/tags?post=982"}],"curies":[{"name":"wp","href":"https:\/\/api.w.org\/{rel}","templated":true}]}}