{"id":976,"date":"2023-11-14T16:48:55","date_gmt":"2023-11-14T19:48:55","guid":{"rendered":"https:\/\/gustavogoni.com\/arte\/?p=976"},"modified":"2023-11-14T16:50:27","modified_gmt":"2023-11-14T19:50:27","slug":"nota-en-rosario-3-sobre-muestra-de-marina-gryciuk","status":"publish","type":"post","link":"https:\/\/gustavogoni.com\/arte\/nota-en-rosario-3-sobre-muestra-de-marina-gryciuk\/","title":{"rendered":"Nota en Rosario 3 sobre muestra de Marina Gryciuk"},"content":{"rendered":"\n<p>El portal de noticias de la ciudad de Rosario anticipa la muestra que se inaugura este viernes 17 de noviembre de 2023 a las 19 hs en el Museo de Bellas Artes \u00abJuan B. Castagnino\u00bb.<\/p>\n\n\n\n<hr class=\"wp-block-separator has-alpha-channel-opacity\"\/>\n\n\n\n<p><\/p>\n\n\n\n<p><\/p>\n\n\n\n<figure class=\"wp-block-image\"><a href=\"https:\/\/www.rosario3.com\/\"><img decoding=\"async\" src=\"https:\/\/www.rosario3.com\/__export\/1559661968129\/sites\/rosario3\/arte\/v2\/r3-logo.svg\" alt=\"Rosario3\"\/><\/a><\/figure>\n\n\n\n<p>MAR\u00a014.11.2023<\/p>\n\n\n\n<h3 class=\"wp-block-heading\">ARTE<\/h3>\n\n\n\n<p><\/p>\n\n\n\n<h1 class=\"wp-block-heading\">Marina Gryciuk propone Habitar lo blando, en el Museo Castagnino<\/h1>\n\n\n\n<h2 class=\"wp-block-heading\">Con Mar\u00eda Laura Carrascal, el aporte fotogr\u00e1fico de Gustavo Go\u00f1i y la producci\u00f3n perform\u00e1tica de Roly Lo Giudice, la artista y docente rosarina inaugura su muestra este viernes a las 19. Gratis<\/h2>\n\n\n\n<p>Por&nbsp;<strong>ROSARIO3<\/strong><\/p>\n\n\n\n<p><a href=\"https:\/\/www.rosario3.com\/ocio\/Marina-Gryciuk-propone-Habitar-lo-blando-en-el-Museo-Castagnino-20231114-0022.html#\"><\/a><a href=\"https:\/\/www.rosario3.com\/ocio\/Marina-Gryciuk-propone-Habitar-lo-blando-en-el-Museo-Castagnino-20231114-0022.html#\"><\/a><a href=\"https:\/\/www.rosario3.com\/ocio\/Marina-Gryciuk-propone-Habitar-lo-blando-en-el-Museo-Castagnino-20231114-0022.html#\"><\/a><a href=\"https:\/\/www.facebook.com\/dialog\/send?app_id=798609233530383&amp;redirect_uri=https:\/\/www.rosario3.com\/ocio\/Marina-Gryciuk-propone-Habitar-lo-blando-en-el-Museo-Castagnino-20231114-0022.html&amp;link=https:\/\/www.rosario3.com\/ocio\/Marina-Gryciuk-propone-Habitar-lo-blando-en-el-Museo-Castagnino-20231114-0022.html\" target=\"_blank\" rel=\"noreferrer noopener\"><\/a><a href=\"mailto:?subject=Te%20recomiendo%20esta%20nota%20de%20Rosario3&amp;body=Lee%20esta%20nota%20de%20Rosario3:%20https:\/\/www.rosario3.com\/ocio\/Marina-Gryciuk-propone-Habitar-lo-blando-en-el-Museo-Castagnino-20231114-0022.html\"><\/a><\/p>\n\n\n\n<figure class=\"wp-block-image\"><img decoding=\"async\" src=\"https:\/\/www.rosario3.com\/__export\/1699969586996\/sites\/rosario3\/img\/2023\/11\/14\/marina_gryciuk_crop1699969268967.jpg_1756841869.jpg\" alt=\"\"\/><\/figure>\n\n\n\n<p>\u00abProyecto h\u00e1bitat\u00bb, instalaci\u00f3n. Foto de obra: Gustavo Go\u00f1i.<\/p>\n\n\n\n<p><\/p>\n\n\n\n<p><strong>Este viernes\u00a0a las 19, en el Museo Castagnino<\/strong>\u00a0(avenida Pellegrini 2202), la artista y docente rosarina<strong>\u00a0Marina Gryciuk<\/strong>\u00a0inaugura la muestra\u00a0<strong>Habitar lo blando. Sistema y rituales perif\u00e9ricos.<\/strong><\/p>\n\n\n\n<p>La misma cuenta con curadur\u00eda de Mar\u00eda Laura Carrascal, el aporte fotogr\u00e1fico de Gustavo Go\u00f1i (socio creativo de la artista) y la producci\u00f3n perform\u00e1tica de Roly Lo Giudice.<\/p>\n\n\n\n<p><strong>La entrada es gratuita.<\/strong><\/p>\n\n\n\n<p>En palabras de la curadora, \u201cMarina Gryciuk es una artista que dialoga con las tradiciones textiles del pasado y el presente, oscilando entre el \u00e1mbito de la pl\u00e1stica y el de las expresiones populares para seguir pensando su historia desde la trama que condensa saberes y encuentros. Su obra se sostiene en la pasi\u00f3n por las telas, la costura y el v\u00ednculo con el cuerpo en una relaci\u00f3n con tradiciones hist\u00f3ricas que actualiza desde el quehacer contempor\u00e1neo a partir de m\u00faltiples estrategias\u201d.<\/p>\n\n\n\n<figure class=\"wp-block-image\"><img decoding=\"async\" src=\"https:\/\/www.rosario3.com\/export\/sites\/rosario3\/img\/2023\/11\/14\/marina_gryciuk_1.jpg_2052163085.jpg\" alt=\"\" title=\"\"\/><figcaption class=\"wp-element-caption\">La artista y docente rosarina Marina Gryciuk.<\/figcaption><\/figure>\n\n\n\n<p>Un universo de<strong>&nbsp;tramas, telas, texturas y tejidos<\/strong>, es el resultado de cinco a\u00f1os de experimentaci\u00f3n de la artista, en sistema y rituales perif\u00e9ricos, sumando el trabajo conjunto con el fot\u00f3grafo Gustavo Go\u00f1i.<\/p>\n\n\n\n<p>Volver a mostrar el textil en otra materialidad y otra corporalidad, utilizando ropa desarmada y objetos reciclados que aluden a la industria textil y la sustentabilidad, elementos y acciones que Marina replantea nuevamente para \u201cmantener vivo el encuentro entre el arte y la vida\u201d, como define el texto curatorial que presenta la exhibici\u00f3n.<\/p>\n\n\n\n<p><em>Habitar lo blando. Sistema y rituales perif\u00e9ricos<\/em>&nbsp;podr\u00e1 visitarse hasta el 31 de marzo de 2024.<\/p>\n\n\n\n<h3 class=\"wp-block-heading\"><a href=\"https:\/\/www.rosario3.com\/tags\/Arte\">Arte<\/a><\/h3>\n\n\n\n<p>Link a la nota: <a href=\"https:\/\/www.rosario3.com\/ocio\/Marina-Gryciuk-propone-Habitar-lo-blando-en-el-Museo-Castagnino-20231114-0022.html\">https:\/\/www.rosario3.com\/ocio\/Marina-Gryciuk-propone-Habitar-lo-blando-en-el-Museo-Castagnino-20231114-0022.html<\/a><\/p>\n\n\n\n<p><\/p>\n\n\n\n<p><\/p>\n","protected":false},"excerpt":{"rendered":"<p>El portal de noticias de la ciudad de Rosario anticipa la muestra que se inaugura este viernes 17 de noviembre de 2023 a las 19 hs en el Museo de Bellas Artes \u00abJuan B. Castagnino\u00bb. MAR\u00a014.11.2023 ARTE Marina Gryciuk propone Habitar lo blando, en el Museo Castagnino Con Mar\u00eda Laura Carrascal, el aporte fotogr\u00e1fico de&hellip;&nbsp;<a href=\"https:\/\/gustavogoni.com\/arte\/nota-en-rosario-3-sobre-muestra-de-marina-gryciuk\/\" rel=\"bookmark\">Leer m\u00e1s &raquo;<span class=\"screen-reader-text\">Nota en Rosario 3 sobre muestra de Marina Gryciuk<\/span><\/a><\/p>\n","protected":false},"author":2,"featured_media":977,"comment_status":"open","ping_status":"open","sticky":false,"template":"","format":"standard","meta":{"neve_meta_sidebar":"","neve_meta_container":"","neve_meta_enable_content_width":"","neve_meta_content_width":0,"neve_meta_title_alignment":"","neve_meta_author_avatar":"","neve_post_elements_order":"","neve_meta_disable_header":"","neve_meta_disable_footer":"","neve_meta_disable_title":"","advanced_seo_description":"","jetpack_seo_html_title":"","jetpack_seo_noindex":false,"_themeisle_gutenberg_block_has_review":false,"_jetpack_memberships_contains_paid_content":false,"footnotes":"","jetpack_publicize_message":"","jetpack_publicize_feature_enabled":true,"jetpack_social_post_already_shared":false,"jetpack_social_options":{"image_generator_settings":{"template":"highway","default_image_id":0,"font":"","enabled":false},"version":2}},"categories":[20],"tags":[62,66,64,58,60],"class_list":["post-976","post","type-post","status-publish","format-standard","has-post-thumbnail","hentry","category-novedades","tag-castagnino","tag-habitar-lo-blando","tag-marina-gryciuk","tag-muestra","tag-museo"],"jetpack_publicize_connections":[],"jetpack_featured_media_url":"https:\/\/gustavogoni.com\/arte\/wp-content\/uploads\/2023\/11\/marina_gryciuk_habitar_lo_blando.jpg","jetpack_sharing_enabled":true,"jetpack_likes_enabled":true,"_links":{"self":[{"href":"https:\/\/gustavogoni.com\/arte\/wp-json\/wp\/v2\/posts\/976","targetHints":{"allow":["GET"]}}],"collection":[{"href":"https:\/\/gustavogoni.com\/arte\/wp-json\/wp\/v2\/posts"}],"about":[{"href":"https:\/\/gustavogoni.com\/arte\/wp-json\/wp\/v2\/types\/post"}],"author":[{"embeddable":true,"href":"https:\/\/gustavogoni.com\/arte\/wp-json\/wp\/v2\/users\/2"}],"replies":[{"embeddable":true,"href":"https:\/\/gustavogoni.com\/arte\/wp-json\/wp\/v2\/comments?post=976"}],"version-history":[{"count":2,"href":"https:\/\/gustavogoni.com\/arte\/wp-json\/wp\/v2\/posts\/976\/revisions"}],"predecessor-version":[{"id":980,"href":"https:\/\/gustavogoni.com\/arte\/wp-json\/wp\/v2\/posts\/976\/revisions\/980"}],"wp:featuredmedia":[{"embeddable":true,"href":"https:\/\/gustavogoni.com\/arte\/wp-json\/wp\/v2\/media\/977"}],"wp:attachment":[{"href":"https:\/\/gustavogoni.com\/arte\/wp-json\/wp\/v2\/media?parent=976"}],"wp:term":[{"taxonomy":"category","embeddable":true,"href":"https:\/\/gustavogoni.com\/arte\/wp-json\/wp\/v2\/categories?post=976"},{"taxonomy":"post_tag","embeddable":true,"href":"https:\/\/gustavogoni.com\/arte\/wp-json\/wp\/v2\/tags?post=976"}],"curies":[{"name":"wp","href":"https:\/\/api.w.org\/{rel}","templated":true}]}}