{"id":1271,"date":"2025-06-18T18:30:21","date_gmt":"2025-06-18T21:30:21","guid":{"rendered":"https:\/\/gustavogoni.com\/arte\/?p=1271"},"modified":"2025-07-28T16:29:42","modified_gmt":"2025-07-28T19:29:42","slug":"muestra-colectiva-en-el-museo-murray-de-funes","status":"publish","type":"post","link":"https:\/\/gustavogoni.com\/arte\/muestra-colectiva-en-el-museo-murray-de-funes\/","title":{"rendered":"Muestra colectiva en el Museo Murray de Funes"},"content":{"rendered":"\n<p>El s\u00e1bado 14 de junio de 2025 se inaugur\u00f3 la Quinta Edici\u00f3n de la Muestra Colectiva Itinerante de Artistas en Acci\u00f3n por los Humedales en el Museo Murray.<\/p>\n\n\n\n<p>Los artistas que exponen son: Daniel Garc\u00eda, Fabiana Imola, Pablo Butteri, Gustavo Go\u00f1i, Emiliano Bonfanti, Astrid Ratner,Lorena Cattoni, Mar\u00eda Jes\u00fas \u00c1lvarez, Constanza Bertolino, Mar\u00eda Laura Mineur y Florencia Ruiz Ferretti.<\/p>\n\n\n\n<p>La curadur\u00eda est\u00e1 a cargo de Astrid Ratner.<\/p>\n\n\n\n<p><br>La muestra podr\u00e1 ser visitada de lunes a viernes de 7 a 13 hs y s\u00e1bados y domingos de 10 a 12 hs y de 17 a 19 hs.<\/p>\n\n\n\n<p>Museo Murray queda en el Paseo de la Estaci\u00f3n de Funes, Provincia de Santa Fe.<\/p>\n\n\n\n<div class=\"wp-block-columns is-layout-flex wp-container-core-columns-is-layout-9d6595d7 wp-block-columns-is-layout-flex\">\n<div class=\"wp-block-column is-layout-flow wp-block-column-is-layout-flow\">\n<figure class=\"wp-block-gallery has-nested-images columns-default is-cropped wp-block-gallery-1 is-layout-flex wp-block-gallery-is-layout-flex\">\n<figure class=\"wp-block-image size-large\"><a href=\"https:\/\/gustavogoni.com\/arte\/wp-content\/uploads\/2025\/06\/Muestra-Colectiva-en-Museo-Murray-1-1.jpg\"><img loading=\"lazy\" decoding=\"async\" width=\"819\" height=\"1024\" data-attachment-id=\"1272\" data-permalink=\"https:\/\/gustavogoni.com\/arte\/muestra-colectiva-en-el-museo-murray-de-funes\/muestra-colectiva-en-museo-murray-1-2\/\" data-orig-file=\"https:\/\/gustavogoni.com\/arte\/wp-content\/uploads\/2025\/06\/Muestra-Colectiva-en-Museo-Murray-1-1.jpg\" data-orig-size=\"1080,1350\" data-comments-opened=\"1\" data-image-meta=\"{&quot;aperture&quot;:&quot;0&quot;,&quot;credit&quot;:&quot;&quot;,&quot;camera&quot;:&quot;&quot;,&quot;caption&quot;:&quot;&quot;,&quot;created_timestamp&quot;:&quot;0&quot;,&quot;copyright&quot;:&quot;&quot;,&quot;focal_length&quot;:&quot;0&quot;,&quot;iso&quot;:&quot;0&quot;,&quot;shutter_speed&quot;:&quot;0&quot;,&quot;title&quot;:&quot;&quot;,&quot;orientation&quot;:&quot;0&quot;}\" data-image-title=\"Muestra Colectiva en Museo Murray 1\" data-image-description=\"\" data-image-caption=\"\" data-large-file=\"https:\/\/gustavogoni.com\/arte\/wp-content\/uploads\/2025\/06\/Muestra-Colectiva-en-Museo-Murray-1-1-819x1024.jpg\" data-id=\"1272\" src=\"https:\/\/gustavogoni.com\/arte\/wp-content\/uploads\/2025\/06\/Muestra-Colectiva-en-Museo-Murray-1-1-819x1024.jpg\" alt=\"\" class=\"wp-image-1272\" srcset=\"https:\/\/gustavogoni.com\/arte\/wp-content\/uploads\/2025\/06\/Muestra-Colectiva-en-Museo-Murray-1-1-819x1024.jpg 819w, https:\/\/gustavogoni.com\/arte\/wp-content\/uploads\/2025\/06\/Muestra-Colectiva-en-Museo-Murray-1-1-240x300.jpg 240w, https:\/\/gustavogoni.com\/arte\/wp-content\/uploads\/2025\/06\/Muestra-Colectiva-en-Museo-Murray-1-1-768x960.jpg 768w, https:\/\/gustavogoni.com\/arte\/wp-content\/uploads\/2025\/06\/Muestra-Colectiva-en-Museo-Murray-1-1.jpg 1080w\" sizes=\"auto, (max-width: 819px) 100vw, 819px\" \/><\/a><\/figure>\n<\/figure>\n<\/div>\n\n\n\n<div class=\"wp-block-column is-layout-flow wp-block-column-is-layout-flow\">\n<figure class=\"wp-block-video\"><video height=\"960\" style=\"aspect-ratio: 540 \/ 960;\" width=\"540\" controls src=\"https:\/\/gustavogoni.com\/arte\/wp-content\/uploads\/2025\/06\/Muestra-Humedales-Museo-Murray-2025-06-14.mp4\"><\/video><\/figure>\n<\/div>\n<\/div>\n\n\n\n<figure class=\"wp-block-gallery has-nested-images columns-default is-cropped wp-block-gallery-2 is-layout-flex wp-block-gallery-is-layout-flex\"><\/figure>\n\n\n\n<p><\/p>\n\n\n\n<figure class=\"wp-block-embed is-type-video is-provider-youtube wp-block-embed-youtube wp-embed-aspect-16-9 wp-has-aspect-ratio\"><div class=\"wp-block-embed__wrapper\">\n<div class=\"nv-iframe-embed\"><iframe loading=\"lazy\" title=\"Nueva muestra en el Museo Murray\" width=\"1200\" height=\"675\" src=\"https:\/\/www.youtube.com\/embed\/qjy6uJl0Icc?feature=oembed\" frameborder=\"0\" allow=\"accelerometer; autoplay; clipboard-write; encrypted-media; gyroscope; picture-in-picture; web-share\" referrerpolicy=\"strict-origin-when-cross-origin\" allowfullscreen><\/iframe><\/div>\n<\/div><\/figure>\n","protected":false},"excerpt":{"rendered":"<p>El s\u00e1bado 14 de junio de 2025 se inaugur\u00f3 la Quinta Edici\u00f3n de la Muestra Colectiva Itinerante de Artistas en Acci\u00f3n por los Humedales en el Museo Murray. Los artistas que exponen son: Daniel Garc\u00eda, Fabiana Imola, Pablo Butteri, Gustavo Go\u00f1i, Emiliano Bonfanti, Astrid Ratner,Lorena Cattoni, Mar\u00eda Jes\u00fas \u00c1lvarez, Constanza Bertolino, Mar\u00eda Laura Mineur y&hellip;&nbsp;<a href=\"https:\/\/gustavogoni.com\/arte\/muestra-colectiva-en-el-museo-murray-de-funes\/\" rel=\"bookmark\">Leer m\u00e1s &raquo;<span class=\"screen-reader-text\">Muestra colectiva en el Museo Murray de Funes<\/span><\/a><\/p>\n","protected":false},"author":2,"featured_media":1266,"comment_status":"open","ping_status":"open","sticky":false,"template":"","format":"standard","meta":{"neve_meta_sidebar":"","neve_meta_container":"","neve_meta_enable_content_width":"","neve_meta_content_width":0,"neve_meta_title_alignment":"","neve_meta_author_avatar":"","neve_post_elements_order":"","neve_meta_disable_header":"","neve_meta_disable_footer":"","neve_meta_disable_title":"","advanced_seo_description":"","jetpack_seo_html_title":"","jetpack_seo_noindex":false,"_themeisle_gutenberg_block_has_review":false,"_jetpack_memberships_contains_paid_content":false,"footnotes":"","jetpack_publicize_message":"","jetpack_publicize_feature_enabled":true,"jetpack_social_post_already_shared":false,"jetpack_social_options":{"image_generator_settings":{"template":"highway","default_image_id":0,"font":"","enabled":false},"version":2}},"categories":[74],"tags":[56,58],"class_list":["post-1271","post","type-post","status-publish","format-standard","has-post-thumbnail","hentry","category-muestras-es","tag-fotografia-es","tag-muestra"],"jetpack_publicize_connections":[],"jetpack_featured_media_url":"https:\/\/gustavogoni.com\/arte\/wp-content\/uploads\/2025\/06\/Muestra-Colectiva-en-Museo-Murray-0-flyer.jpg","jetpack_sharing_enabled":true,"jetpack_likes_enabled":true,"_links":{"self":[{"href":"https:\/\/gustavogoni.com\/arte\/wp-json\/wp\/v2\/posts\/1271","targetHints":{"allow":["GET"]}}],"collection":[{"href":"https:\/\/gustavogoni.com\/arte\/wp-json\/wp\/v2\/posts"}],"about":[{"href":"https:\/\/gustavogoni.com\/arte\/wp-json\/wp\/v2\/types\/post"}],"author":[{"embeddable":true,"href":"https:\/\/gustavogoni.com\/arte\/wp-json\/wp\/v2\/users\/2"}],"replies":[{"embeddable":true,"href":"https:\/\/gustavogoni.com\/arte\/wp-json\/wp\/v2\/comments?post=1271"}],"version-history":[{"count":5,"href":"https:\/\/gustavogoni.com\/arte\/wp-json\/wp\/v2\/posts\/1271\/revisions"}],"predecessor-version":[{"id":1299,"href":"https:\/\/gustavogoni.com\/arte\/wp-json\/wp\/v2\/posts\/1271\/revisions\/1299"}],"wp:featuredmedia":[{"embeddable":true,"href":"https:\/\/gustavogoni.com\/arte\/wp-json\/wp\/v2\/media\/1266"}],"wp:attachment":[{"href":"https:\/\/gustavogoni.com\/arte\/wp-json\/wp\/v2\/media?parent=1271"}],"wp:term":[{"taxonomy":"category","embeddable":true,"href":"https:\/\/gustavogoni.com\/arte\/wp-json\/wp\/v2\/categories?post=1271"},{"taxonomy":"post_tag","embeddable":true,"href":"https:\/\/gustavogoni.com\/arte\/wp-json\/wp\/v2\/tags?post=1271"}],"curies":[{"name":"wp","href":"https:\/\/api.w.org\/{rel}","templated":true}]}}