{"id":1257,"date":"2025-05-16T16:52:00","date_gmt":"2025-05-16T19:52:00","guid":{"rendered":"https:\/\/gustavogoni.com\/arte\/?p=1257"},"modified":"2025-06-14T17:03:59","modified_gmt":"2025-06-14T20:03:59","slug":"conversatorio-modos-y-modas","status":"publish","type":"post","link":"https:\/\/gustavogoni.com\/arte\/conversatorio-modos-y-modas\/","title":{"rendered":"Conversatorio \u00abModos y Modas\u00bb"},"content":{"rendered":"\n<p>El 15 de mayo se realiz\u00f3 e conversatorio \u201cMODOS Y MODAS &#8211; Oficio, creatividad y territorio en la moda local\u201d, en el Espacio Cultural Universitario, de Rosario.<\/p>\n\n\n\n<p>Este conversatorio es una invitaci\u00f3n a reflexionar sobre la moda desde Rosario: su presente, sus desaf\u00edos, su v\u00ednculo con el territorio y con las personas que la piensan, la ense\u00f1an, la producen y la comunican.<\/p>\n\n\n\n<p>Participaron tambi\u00e9n Dar\u00edo Ares (Escuela Municipal de Dise\u00f1o), Gustavo Go\u00f1i (Fot\u00f3grafo de Moda), Ianara Hummel (Extensi\u00f3n Universitaria), Guillermina Ygelman (Asesora Creativa), Carolina Christener (Periodista y Productora). <\/p>\n\n\n\n<p>Moder\u00f3: Lic. Mar\u00eda Dana<\/p>\n\n\n\n<p>Un encuentro para pensar la moda con mirada cr\u00edtica, local y colectiva.<\/p>\n\n\n\n<figure class=\"wp-block-image size-large\"><a href=\"https:\/\/gustavogoni.com\/arte\/wp-content\/uploads\/2025\/06\/Gustavo-Goni-en-ECU-2025.jpg\"><img loading=\"lazy\" decoding=\"async\" width=\"768\" height=\"1024\" data-attachment-id=\"1259\" data-permalink=\"https:\/\/gustavogoni.com\/arte\/conversatorio-modos-y-modas\/gustavo-goni-en-ecu-2025\/\" data-orig-file=\"https:\/\/gustavogoni.com\/arte\/wp-content\/uploads\/2025\/06\/Gustavo-Goni-en-ECU-2025.jpg\" data-orig-size=\"960,1280\" data-comments-opened=\"1\" data-image-meta=\"{&quot;aperture&quot;:&quot;0&quot;,&quot;credit&quot;:&quot;&quot;,&quot;camera&quot;:&quot;&quot;,&quot;caption&quot;:&quot;&quot;,&quot;created_timestamp&quot;:&quot;0&quot;,&quot;copyright&quot;:&quot;&quot;,&quot;focal_length&quot;:&quot;0&quot;,&quot;iso&quot;:&quot;0&quot;,&quot;shutter_speed&quot;:&quot;0&quot;,&quot;title&quot;:&quot;&quot;,&quot;orientation&quot;:&quot;0&quot;}\" data-image-title=\"Gustavo Go\u00f1i en ECU &amp;#8211; 2025\" data-image-description=\"\" data-image-caption=\"\" data-large-file=\"https:\/\/gustavogoni.com\/arte\/wp-content\/uploads\/2025\/06\/Gustavo-Goni-en-ECU-2025-768x1024.jpg\" src=\"https:\/\/gustavogoni.com\/arte\/wp-content\/uploads\/2025\/06\/Gustavo-Goni-en-ECU-2025-768x1024.jpg\" alt=\"\" class=\"wp-image-1259\" srcset=\"https:\/\/gustavogoni.com\/arte\/wp-content\/uploads\/2025\/06\/Gustavo-Goni-en-ECU-2025-768x1024.jpg 768w, https:\/\/gustavogoni.com\/arte\/wp-content\/uploads\/2025\/06\/Gustavo-Goni-en-ECU-2025-225x300.jpg 225w, https:\/\/gustavogoni.com\/arte\/wp-content\/uploads\/2025\/06\/Gustavo-Goni-en-ECU-2025.jpg 960w\" sizes=\"auto, (max-width: 768px) 100vw, 768px\" \/><\/a><\/figure>\n","protected":false},"excerpt":{"rendered":"<p>El 15 de mayo se realiz\u00f3 e conversatorio \u201cMODOS Y MODAS &#8211; Oficio, creatividad y territorio en la moda local\u201d, en el Espacio Cultural Universitario, de Rosario. Este conversatorio es una invitaci\u00f3n a reflexionar sobre la moda desde Rosario: su presente, sus desaf\u00edos, su v\u00ednculo con el territorio y con las personas que la piensan,&hellip;&nbsp;<a href=\"https:\/\/gustavogoni.com\/arte\/conversatorio-modos-y-modas\/\" rel=\"bookmark\">Leer m\u00e1s &raquo;<span class=\"screen-reader-text\">Conversatorio \u00abModos y Modas\u00bb<\/span><\/a><\/p>\n","protected":false},"author":2,"featured_media":1258,"comment_status":"open","ping_status":"open","sticky":false,"template":"","format":"standard","meta":{"neve_meta_sidebar":"","neve_meta_container":"","neve_meta_enable_content_width":"","neve_meta_content_width":0,"neve_meta_title_alignment":"","neve_meta_author_avatar":"","neve_post_elements_order":"","neve_meta_disable_header":"","neve_meta_disable_footer":"","neve_meta_disable_title":"","advanced_seo_description":"","jetpack_seo_html_title":"","jetpack_seo_noindex":false,"_themeisle_gutenberg_block_has_review":false,"_jetpack_memberships_contains_paid_content":false,"footnotes":"","jetpack_publicize_message":"","jetpack_publicize_feature_enabled":true,"jetpack_social_post_already_shared":false,"jetpack_social_options":{"image_generator_settings":{"template":"highway","default_image_id":0,"font":"","enabled":false},"version":2}},"categories":[20],"tags":[],"class_list":["post-1257","post","type-post","status-publish","format-standard","has-post-thumbnail","hentry","category-novedades"],"jetpack_publicize_connections":[],"jetpack_featured_media_url":"https:\/\/gustavogoni.com\/arte\/wp-content\/uploads\/2025\/06\/Conversatorio-Modos-y-modas-flyer.jpg","jetpack_sharing_enabled":true,"jetpack_likes_enabled":true,"_links":{"self":[{"href":"https:\/\/gustavogoni.com\/arte\/wp-json\/wp\/v2\/posts\/1257","targetHints":{"allow":["GET"]}}],"collection":[{"href":"https:\/\/gustavogoni.com\/arte\/wp-json\/wp\/v2\/posts"}],"about":[{"href":"https:\/\/gustavogoni.com\/arte\/wp-json\/wp\/v2\/types\/post"}],"author":[{"embeddable":true,"href":"https:\/\/gustavogoni.com\/arte\/wp-json\/wp\/v2\/users\/2"}],"replies":[{"embeddable":true,"href":"https:\/\/gustavogoni.com\/arte\/wp-json\/wp\/v2\/comments?post=1257"}],"version-history":[{"count":2,"href":"https:\/\/gustavogoni.com\/arte\/wp-json\/wp\/v2\/posts\/1257\/revisions"}],"predecessor-version":[{"id":1261,"href":"https:\/\/gustavogoni.com\/arte\/wp-json\/wp\/v2\/posts\/1257\/revisions\/1261"}],"wp:featuredmedia":[{"embeddable":true,"href":"https:\/\/gustavogoni.com\/arte\/wp-json\/wp\/v2\/media\/1258"}],"wp:attachment":[{"href":"https:\/\/gustavogoni.com\/arte\/wp-json\/wp\/v2\/media?parent=1257"}],"wp:term":[{"taxonomy":"category","embeddable":true,"href":"https:\/\/gustavogoni.com\/arte\/wp-json\/wp\/v2\/categories?post=1257"},{"taxonomy":"post_tag","embeddable":true,"href":"https:\/\/gustavogoni.com\/arte\/wp-json\/wp\/v2\/tags?post=1257"}],"curies":[{"name":"wp","href":"https:\/\/api.w.org\/{rel}","templated":true}]}}