{"id":1173,"date":"2025-01-14T14:17:58","date_gmt":"2025-01-14T17:17:58","guid":{"rendered":"https:\/\/gustavogoni.com\/arte\/?p=1173"},"modified":"2025-02-04T17:35:14","modified_gmt":"2025-02-04T20:35:14","slug":"muestra-modulos-vivos-en-arte-en-transito","status":"publish","type":"post","link":"https:\/\/gustavogoni.com\/arte\/muestra-modulos-vivos-en-arte-en-transito\/","title":{"rendered":"Muestra \u00abM\u00f3dulos Vivos\u00bb en Arte en Tr\u00e1nsito"},"content":{"rendered":"\n<p>Desde el 13 de enero de 2025 est\u00e1 exhibida la muestra \u00abM\u00f3dulos Vivos\u00bb en el marco de la iniciativa \u00abArte en Tr\u00e1nsito\u00bb que promueve Pascual Construcciones.<\/p>\n\n\n\n<p>\u00abM\u00f3dulos Vivos\u00bb incluye obras fotogr\u00e1ficas de las series \u00abFototropismo\u00bb y \u00abRoja\u00bb.<\/p>\n\n\n\n<p>El espacio \u00abArte en Tr\u00e1nsito\u00bb se encuentra en Salta 2030, entre Balcarce y Moreno, Rosario. Como est\u00e1 planteado como una vidriera hacia la calle, puede visitarse durante todo el d\u00eda.<\/p>\n\n\n\n<p>Puede visitarse hasta el 15 de marzo.<\/p>\n\n\n\n<p>\u00abArte en Tr\u00e1nsito\u00bb es una innovadora propuesta art\u00edstica de la empresa&nbsp;<a href=\"https:\/\/www.andrespascual.com.ar\/\">Pascual Construcciones<\/a>&nbsp;la cual permitie a los artistas visuales exhibir sus obras en las fachadas de edificios.<\/p>\n\n\n\n<p>De esta manera, se a\u00f1ade valor a las propiedades vac\u00edas de la empresa mientras no est\u00e9n en uso. Se convierten los cercos de sus edificaciones en vitrinas que permiten artistas locales mostrar una variedad de trabajos, desde pinturas hasta esculturas y objetos decorativos.<\/p>\n\n\n\n<p>Pascual Construcciones lleva adelante esta iniciativa con la colaboraci\u00f3n del <a href=\"https:\/\/castagninomacro.org\/\" target=\"_blank\" rel=\"noreferrer noopener\">Museo Castagnino + Macro<\/a>.<\/p>\n\n\n\n<p>La realizaci\u00f3n de la muestra \u00abM\u00f3dulos Vivos\u00bb fue concretada gracias a la participaci\u00f3n de <a href=\"https:\/\/www.instagram.com\/local15pasajepan\/\" target=\"_blank\" rel=\"noreferrer noopener\">Galer\u00eda Local 15<\/a>.<\/p>\n\n\n\n<hr class=\"wp-block-separator has-alpha-channel-opacity\"\/>\n\n\n\n<figure class=\"wp-block-image size-large\"><a href=\"https:\/\/gustavogoni.com\/arte\/wp-content\/uploads\/2025\/01\/Muestra-en-Arte-en-Transito-Modulos-Vivos-03.jpg\"><img loading=\"lazy\" decoding=\"async\" width=\"1024\" height=\"768\" data-attachment-id=\"1174\" data-permalink=\"https:\/\/gustavogoni.com\/arte\/muestra-modulos-vivos-en-arte-en-transito\/muestra-en-arte-en-transito-modulos-vivos-03\/\" data-orig-file=\"https:\/\/gustavogoni.com\/arte\/wp-content\/uploads\/2025\/01\/Muestra-en-Arte-en-Transito-Modulos-Vivos-03.jpg\" data-orig-size=\"1280,960\" data-comments-opened=\"1\" data-image-meta=\"{&quot;aperture&quot;:&quot;0&quot;,&quot;credit&quot;:&quot;&quot;,&quot;camera&quot;:&quot;&quot;,&quot;caption&quot;:&quot;&quot;,&quot;created_timestamp&quot;:&quot;0&quot;,&quot;copyright&quot;:&quot;&quot;,&quot;focal_length&quot;:&quot;0&quot;,&quot;iso&quot;:&quot;0&quot;,&quot;shutter_speed&quot;:&quot;0&quot;,&quot;title&quot;:&quot;&quot;,&quot;orientation&quot;:&quot;0&quot;}\" data-image-title=\"Muestra en Arte en Tr\u00e1nsito &amp;#8211; Modulos Vivos &amp;#8211; 03\" data-image-description=\"\" data-image-caption=\"\" data-large-file=\"https:\/\/gustavogoni.com\/arte\/wp-content\/uploads\/2025\/01\/Muestra-en-Arte-en-Transito-Modulos-Vivos-03-1024x768.jpg\" src=\"https:\/\/gustavogoni.com\/arte\/wp-content\/uploads\/2025\/01\/Muestra-en-Arte-en-Transito-Modulos-Vivos-03-1024x768.jpg\" alt=\"\" class=\"wp-image-1174\" srcset=\"https:\/\/gustavogoni.com\/arte\/wp-content\/uploads\/2025\/01\/Muestra-en-Arte-en-Transito-Modulos-Vivos-03-1024x768.jpg 1024w, https:\/\/gustavogoni.com\/arte\/wp-content\/uploads\/2025\/01\/Muestra-en-Arte-en-Transito-Modulos-Vivos-03-300x225.jpg 300w, https:\/\/gustavogoni.com\/arte\/wp-content\/uploads\/2025\/01\/Muestra-en-Arte-en-Transito-Modulos-Vivos-03-768x576.jpg 768w, https:\/\/gustavogoni.com\/arte\/wp-content\/uploads\/2025\/01\/Muestra-en-Arte-en-Transito-Modulos-Vivos-03.jpg 1280w\" sizes=\"auto, (max-width: 1024px) 100vw, 1024px\" \/><\/a><figcaption class=\"wp-element-caption\">Con Silvana Galetto y Silvana Curti, de Galer\u00eda Local 15. Y Mario Godoy, quien estuvo a cargo del montaje de la obra.<\/figcaption><\/figure>\n\n\n\n<p><\/p>\n\n\n\n<figure class=\"wp-block-image size-large is-resized\"><a href=\"https:\/\/gustavogoni.com\/arte\/wp-content\/uploads\/2025\/01\/Muestra-en-Arte-en-Transito-Modulos-Vivos-02.jpg\"><img loading=\"lazy\" decoding=\"async\" width=\"768\" height=\"1024\" data-attachment-id=\"1175\" data-permalink=\"https:\/\/gustavogoni.com\/arte\/muestra-modulos-vivos-en-arte-en-transito\/muestra-en-arte-en-transito-modulos-vivos-02\/\" data-orig-file=\"https:\/\/gustavogoni.com\/arte\/wp-content\/uploads\/2025\/01\/Muestra-en-Arte-en-Transito-Modulos-Vivos-02.jpg\" data-orig-size=\"960,1280\" data-comments-opened=\"1\" data-image-meta=\"{&quot;aperture&quot;:&quot;0&quot;,&quot;credit&quot;:&quot;&quot;,&quot;camera&quot;:&quot;&quot;,&quot;caption&quot;:&quot;&quot;,&quot;created_timestamp&quot;:&quot;0&quot;,&quot;copyright&quot;:&quot;&quot;,&quot;focal_length&quot;:&quot;0&quot;,&quot;iso&quot;:&quot;0&quot;,&quot;shutter_speed&quot;:&quot;0&quot;,&quot;title&quot;:&quot;&quot;,&quot;orientation&quot;:&quot;0&quot;}\" data-image-title=\"Muestra en Arte en Tr\u00e1nsito &amp;#8211; Modulos Vivos &amp;#8211; 02\" data-image-description=\"\" data-image-caption=\"\" data-large-file=\"https:\/\/gustavogoni.com\/arte\/wp-content\/uploads\/2025\/01\/Muestra-en-Arte-en-Transito-Modulos-Vivos-02-768x1024.jpg\" src=\"https:\/\/gustavogoni.com\/arte\/wp-content\/uploads\/2025\/01\/Muestra-en-Arte-en-Transito-Modulos-Vivos-02-768x1024.jpg\" alt=\"\" class=\"wp-image-1175\" style=\"width:474px;height:auto\" srcset=\"https:\/\/gustavogoni.com\/arte\/wp-content\/uploads\/2025\/01\/Muestra-en-Arte-en-Transito-Modulos-Vivos-02-768x1024.jpg 768w, https:\/\/gustavogoni.com\/arte\/wp-content\/uploads\/2025\/01\/Muestra-en-Arte-en-Transito-Modulos-Vivos-02-225x300.jpg 225w, https:\/\/gustavogoni.com\/arte\/wp-content\/uploads\/2025\/01\/Muestra-en-Arte-en-Transito-Modulos-Vivos-02.jpg 960w\" sizes=\"auto, (max-width: 768px) 100vw, 768px\" \/><\/a><figcaption class=\"wp-element-caption\">Muestra M\u00f3dulos Vivos en Arte en Tr\u00e1nsito.<\/figcaption><\/figure>\n\n\n\n<p><\/p>\n\n\n\n<p><\/p>\n","protected":false},"excerpt":{"rendered":"<p>Desde el 13 de enero de 2025 est\u00e1 exhibida la muestra \u00abM\u00f3dulos Vivos\u00bb en el marco de la iniciativa \u00abArte en Tr\u00e1nsito\u00bb que promueve Pascual Construcciones. \u00abM\u00f3dulos Vivos\u00bb incluye obras fotogr\u00e1ficas de las series \u00abFototropismo\u00bb y \u00abRoja\u00bb. El espacio \u00abArte en Tr\u00e1nsito\u00bb se encuentra en Salta 2030, entre Balcarce y Moreno, Rosario. Como est\u00e1 planteado&hellip;&nbsp;<a href=\"https:\/\/gustavogoni.com\/arte\/muestra-modulos-vivos-en-arte-en-transito\/\" rel=\"bookmark\">Leer m\u00e1s &raquo;<span class=\"screen-reader-text\">Muestra \u00abM\u00f3dulos Vivos\u00bb en Arte en Tr\u00e1nsito<\/span><\/a><\/p>\n","protected":false},"author":2,"featured_media":1195,"comment_status":"open","ping_status":"open","sticky":false,"template":"","format":"standard","meta":{"neve_meta_sidebar":"","neve_meta_container":"","neve_meta_enable_content_width":"","neve_meta_content_width":0,"neve_meta_title_alignment":"","neve_meta_author_avatar":"","neve_post_elements_order":"","neve_meta_disable_header":"","neve_meta_disable_footer":"","neve_meta_disable_title":"","advanced_seo_description":"","jetpack_seo_html_title":"","jetpack_seo_noindex":false,"_themeisle_gutenberg_block_has_review":false,"_jetpack_memberships_contains_paid_content":false,"footnotes":"","jetpack_publicize_message":"","jetpack_publicize_feature_enabled":true,"jetpack_social_post_already_shared":false,"jetpack_social_options":{"image_generator_settings":{"template":"highway","default_image_id":0,"font":"","enabled":false},"version":2}},"categories":[70,72,74],"tags":[83],"class_list":["post-1173","post","type-post","status-publish","format-standard","has-post-thumbnail","hentry","category-arte-es","category-fotografia-es","category-muestras-es","tag-muestra-modulos-vivos"],"jetpack_publicize_connections":[],"jetpack_featured_media_url":"https:\/\/gustavogoni.com\/arte\/wp-content\/uploads\/2025\/02\/Muestra-en-Arte-en-Transito-Modulos-Vivos-01-Gustavo-Goni-1080-x-1080.jpg","jetpack_sharing_enabled":true,"jetpack_likes_enabled":true,"_links":{"self":[{"href":"https:\/\/gustavogoni.com\/arte\/wp-json\/wp\/v2\/posts\/1173","targetHints":{"allow":["GET"]}}],"collection":[{"href":"https:\/\/gustavogoni.com\/arte\/wp-json\/wp\/v2\/posts"}],"about":[{"href":"https:\/\/gustavogoni.com\/arte\/wp-json\/wp\/v2\/types\/post"}],"author":[{"embeddable":true,"href":"https:\/\/gustavogoni.com\/arte\/wp-json\/wp\/v2\/users\/2"}],"replies":[{"embeddable":true,"href":"https:\/\/gustavogoni.com\/arte\/wp-json\/wp\/v2\/comments?post=1173"}],"version-history":[{"count":4,"href":"https:\/\/gustavogoni.com\/arte\/wp-json\/wp\/v2\/posts\/1173\/revisions"}],"predecessor-version":[{"id":1199,"href":"https:\/\/gustavogoni.com\/arte\/wp-json\/wp\/v2\/posts\/1173\/revisions\/1199"}],"wp:featuredmedia":[{"embeddable":true,"href":"https:\/\/gustavogoni.com\/arte\/wp-json\/wp\/v2\/media\/1195"}],"wp:attachment":[{"href":"https:\/\/gustavogoni.com\/arte\/wp-json\/wp\/v2\/media?parent=1173"}],"wp:term":[{"taxonomy":"category","embeddable":true,"href":"https:\/\/gustavogoni.com\/arte\/wp-json\/wp\/v2\/categories?post=1173"},{"taxonomy":"post_tag","embeddable":true,"href":"https:\/\/gustavogoni.com\/arte\/wp-json\/wp\/v2\/tags?post=1173"}],"curies":[{"name":"wp","href":"https:\/\/api.w.org\/{rel}","templated":true}]}}